{"id":3361,"date":"2025-06-30T22:01:58","date_gmt":"2025-06-30T22:01:58","guid":{"rendered":"https:\/\/cch.um6p.ma\/?page_id=3361"},"modified":"2026-06-10T12:54:56","modified_gmt":"2026-06-10T11:54:56","slug":"retrospective-sur-les-origines-du-vivant","status":"publish","type":"post","link":"https:\/\/cch.um6p.ma\/?p=3361","title":{"rendered":"R\u00e9trospective m\u00e9diatique sur Abderrazak El Albani et les origines du vivant"},"content":{"rendered":"<p>Revue de diff\u00e9rentes couvertures m\u00e9dia autour des travaux de bio-g\u00e9ologie du <strong>Prof. Abderrazak El Albani<\/strong>, invit\u00e9 par la Chaire pour la session &#8220;<a href=\"https:\/\/cch.um6p.ma\/?page_id=3278\"><em>Le Vivant: r\u00e9trospective et prospective<\/em><\/a>&#8221; de la derni\u00e8re Science Week de l&#8217;UM6P.<\/p>\n<hr>\n<p><em>Explorer l&#8217;origine du vivant<\/em>, Abderrazak El Albani<\/p>\n<p>Entretien men\u00e9 par Samia Erraji, 19\/02\/2025, UM6P Benguerir<\/p>\n<p><iframe loading=\"lazy\" src=\"\/\/www.youtube.com\/embed\/0jDEkhq49ng\" width=\"560\" height=\"314\" allowfullscreen=\"allowfullscreen\"><\/iframe><\/p>\n<hr>\n<p>\u0644\u0642\u0627\u0621 \u0645\u0639 \u0639\u0627\u0644\u0645 \u0645\u063a\u0631\u0628\u064a \u063a\u064a\u0651\u0631 \u0641\u0647\u0645\u0646\u0627 \u0644\u062a\u0627\u0631\u064a\u062e \u0627\u0644\u0627\u0631\u0636- \u0645\u0646 \u0623\u0632\u0642\u0629 \u0645\u0631\u0627\u0643\u0634 \u0625\u0644\u0649 \u0623\u0631\u0642\u0649 \u0645\u062c\u0644\u0627\u062a \u0627\u0644\u0639\u0644\u0645- \u0639\u0628\u062f \u0627\u0644\u0631\u0632\u0627\u0642 \u0627\u0644\u0623\u0644\u0628\u0627\u0646\u064a<\/p>\n<p>https:\/\/www.youtube.com\/@NajibElMokhtari&nbsp;&nbsp;<\/p>\n<p><iframe loading=\"lazy\" src=\"\/\/www.youtube.com\/embed\/uFEFV9oaSeA\" width=\"560\" height=\"314\" allowfullscreen=\"allowfullscreen\"><\/iframe><\/p>\n<hr>\n<p>Enqu\u00eate sur le patrimoine pal\u00e9otonlogique, dossier pr\u00e9par\u00e9 par Fatima El Ouafi, L&#8217;Economiste, 11\/04\/2025<\/p>\n        <div class=\"embedpress-document-embed ose-document ep-doc-d7fcf3f3b136871a304a78937b86779c\" style=\"width: 800px; height: 900px;; max-width:100%; display: block\">\n                                    <iframe title=\"Patrimoine_paleontologique_LEconomiste_11_04_2025_compressed\" allowfullscreen=\"true\" mozallowfullscreen=\"true\" webkitallowfullscreen=\"true\" style=\"width: 800px; height: 900px;; max-width:100%; display: inline-block\" data-emsrc=\"https:\/\/cch.um6p.ma\/wp-content\/uploads\/2025\/06\/Patrimoine_paleontologique_LEconomiste_11_04_2025_compressed.pdf\" data-emid=\"embedpress-pdf-shortcode\" class=\"embedpress-embed-document-pdf embedpress-pdf-shortcode\" src=\"https:\/\/cch.um6p.ma\/wp-admin\/admin-ajax.php?action=get_viewer&#038;file=https%3A%2F%2Fcch.um6p.ma%2Fwp-content%2Fuploads%2F2025%2F06%2FPatrimoine_paleontologique_LEconomiste_11_04_2025_compressed.pdf#key=dGhlbWVNb2RlPWN1c3RvbSZ0b29sYmFyPXRydWUmbGF6eUxvYWQ9ZmFsc2UmcG9zaXRpb249dG9wJnByZXNlbnRhdGlvbj10cnVlJmRvd25sb2FkPXRydWUmY29weV90ZXh0PXRydWUmYWRkX3RleHQ9dHJ1ZSZkcmF3PXRydWUmZG9jX3JvdGF0aW9uPXRydWUmYWRkX2ltYWdlPXRydWUmZG9jX2RldGFpbHM9dHJ1ZSZzZWxlY3Rpb25fdG9vbD0wJnNjcm9sbGluZz0tMSZzcHJlYWRzPS0xJnpvb21faW49dHJ1ZSZ6b29tX291dD10cnVlJmZpdF92aWV3PXRydWUmYm9va21hcms9dHJ1ZSZzb3VuZD10cnVlJmZsaXBib29rX3Rvb2xiYXJfcG9zaXRpb249Ym90dG9tJmZsaXBib29rX3J0bD1mYWxzZSZmbGlwYm9va19oaWdobGlnaHRfbGlua3M9ZmFsc2UmZmxpcGJvb2tfaGlnaGxpZ2h0X2NvbG9yPSZwYWdlTnVtYmVyPTEmd2F0ZXJtYXJrX3RleHQ9JndhdGVybWFya19mb250X3NpemU9NDgmd2F0ZXJtYXJrX2NvbG9yPSUyMzAwMDAwMCZ3YXRlcm1hcmtfb3BhY2l0eT0xNSZ3YXRlcm1hcmtfc3R5bGU9Y2VudGVyJmN1c3RvbUNvbG9yPSUyMzJhNjU5Mw==\" frameborder=\"0\">\n                        <\/iframe>\n                            <\/div>\n\n\n<hr>\n<p><em>J&#8217;ai tant de choses \u00e0 vous dire&#8230;<\/em>, 2M, 15\/05\/2025<\/p>\n<p><iframe loading=\"lazy\" src=\"\/\/www.youtube.com\/embed\/VLR3toHc-0o\" width=\"560\" height=\"314\" allowfullscreen=\"allowfullscreen\"><\/iframe><\/p>\n<hr>\n<p>\ufecb\ufee0\ufee2 \ufeed \ufea3\ufec0\ufe8e\ufead\ufe93 : \u0639\u0628\u062f \u0627\u0644\u0631\u0632\u0627\u0642 \u0627\u0644\u0623\u0644\u0628\u0627\u0646\u064a Al Oula, 04\/06\/2025<\/p>\n<p><iframe loading=\"lazy\" src=\"\/\/www.youtube.com\/embed\/I_Alf3raVN4\" width=\"560\" height=\"314\" allowfullscreen=\"allowfullscreen\"><\/iframe><\/p>\n","protected":false},"excerpt":{"rendered":"<p>Revue de diff\u00e9rentes couvertures m\u00e9dia autour des travaux de bio-g\u00e9ologie du Prof. Abderrazak El Albani, invit\u00e9 par la Chaire pour la session &#8220;Le Vivant: r\u00e9trospective et prospective&#8221; de la derni\u00e8re Science Week de l&#8217;UM6P. Explorer l&#8217;origine du vivant, Abderrazak El Albani Entretien men\u00e9 par Samia Erraji, 19\/02\/2025, UM6P Benguerir \u0644\u0642\u0627\u0621&#8230; <a class=\"continue-reading-link\" href=\"https:\/\/cch.um6p.ma\/?p=3361\">Continue reading<\/a><\/p>\n","protected":false},"author":1,"featured_media":3281,"comment_status":"closed","ping_status":"closed","sticky":false,"template":"","format":"standard","meta":{"om_disable_all_campaigns":false,"_monsterinsights_skip_tracking":false,"ngg_post_thumbnail":0,"footnotes":""},"categories":[1],"tags":[],"class_list":["post-3361","post","type-post","status-publish","format-standard","has-post-thumbnail","hentry","category-uncategorized"],"aioseo_notices":[],"aioseo_head":"\n\t\t<!-- All in One SEO 4.9.10 - aioseo.com -->\n\t<meta name=\"description\" content=\"Revue de diff\u00e9rentes couvertures m\u00e9dia autour des travaux de bio-g\u00e9ologie du Prof. Abderrazak El Albani, invit\u00e9 par la Chaire pour la session &quot;Le Vivant: r\u00e9trospective et prospective&quot; de la derni\u00e8re Science Week de l&#039;UM6P. Explorer l&#039;origine du vivant, Abderrazak El Albani Entretien men\u00e9 par Samia Erraji, 19\/02\/2025, UM6P Benguerir \u0644\u0642\u0627\u0621 \u0645\u0639 \u0639\u0627\u0644\u0645 \u0645\u063a\u0631\u0628\u064a \u063a\u064a\u0651\u0631 \u0641\u0647\u0645\u0646\u0627\" \/>\n\t<meta name=\"robots\" content=\"max-image-preview:large\" \/>\n\t<meta name=\"author\" content=\"cch_admin\"\/>\n\t<link rel=\"canonical\" href=\"https:\/\/cch.um6p.ma\/?p=3361\" \/>\n\t<meta name=\"generator\" content=\"All in One SEO (AIOSEO) 4.9.10\" \/>\n\t\t<meta property=\"og:locale\" content=\"en_US\" \/>\n\t\t<meta property=\"og:site_name\" content=\"Chair of Complexities \u221e Humanities -\" \/>\n\t\t<meta property=\"og:type\" content=\"article\" \/>\n\t\t<meta property=\"og:title\" content=\"R\u00e9trospective m\u00e9diatique sur Abderrazak El Albani et les origines du vivant - Chair of Complexities \u221e Humanities\" \/>\n\t\t<meta property=\"og:description\" content=\"Revue de diff\u00e9rentes couvertures m\u00e9dia autour des travaux de bio-g\u00e9ologie du Prof. Abderrazak El Albani, invit\u00e9 par la Chaire pour la session &quot;Le Vivant: r\u00e9trospective et prospective&quot; de la derni\u00e8re Science Week de l&#039;UM6P. Explorer l&#039;origine du vivant, Abderrazak El Albani Entretien men\u00e9 par Samia Erraji, 19\/02\/2025, UM6P Benguerir \u0644\u0642\u0627\u0621 \u0645\u0639 \u0639\u0627\u0644\u0645 \u0645\u063a\u0631\u0628\u064a \u063a\u064a\u0651\u0631 \u0641\u0647\u0645\u0646\u0627\" \/>\n\t\t<meta property=\"og:url\" content=\"https:\/\/cch.um6p.ma\/?p=3361\" \/>\n\t\t<meta property=\"og:image\" content=\"https:\/\/cch.um6p.ma\/wp-content\/uploads\/2023\/08\/logo_CCH_icon2.jpg\" \/>\n\t\t<meta property=\"og:image:secure_url\" content=\"https:\/\/cch.um6p.ma\/wp-content\/uploads\/2023\/08\/logo_CCH_icon2.jpg\" \/>\n\t\t<meta property=\"og:image:width\" content=\"124\" \/>\n\t\t<meta property=\"og:image:height\" content=\"82\" \/>\n\t\t<meta property=\"article:published_time\" content=\"2025-06-30T22:01:58+00:00\" \/>\n\t\t<meta property=\"article:modified_time\" content=\"2026-06-10T11:54:56+00:00\" \/>\n\t\t<meta name=\"twitter:card\" content=\"summary_large_image\" \/>\n\t\t<meta name=\"twitter:title\" content=\"R\u00e9trospective m\u00e9diatique sur Abderrazak El Albani et les origines du vivant - Chair of Complexities \u221e Humanities\" \/>\n\t\t<meta name=\"twitter:description\" content=\"Revue de diff\u00e9rentes couvertures m\u00e9dia autour des travaux de bio-g\u00e9ologie du Prof. Abderrazak El Albani, invit\u00e9 par la Chaire pour la session &quot;Le Vivant: r\u00e9trospective et prospective&quot; de la derni\u00e8re Science Week de l&#039;UM6P. Explorer l&#039;origine du vivant, Abderrazak El Albani Entretien men\u00e9 par Samia Erraji, 19\/02\/2025, UM6P Benguerir \u0644\u0642\u0627\u0621 \u0645\u0639 \u0639\u0627\u0644\u0645 \u0645\u063a\u0631\u0628\u064a \u063a\u064a\u0651\u0631 \u0641\u0647\u0645\u0646\u0627\" \/>\n\t\t<meta name=\"twitter:image\" content=\"https:\/\/cch.um6p.ma\/wp-content\/uploads\/2023\/08\/logo_CCH_icon2.jpg\" \/>\n\t\t<script type=\"application\/ld+json\" class=\"aioseo-schema\">\n\t\t\t{\"@context\":\"https:\\\/\\\/schema.org\",\"@graph\":[{\"@type\":\"BlogPosting\",\"@id\":\"https:\\\/\\\/cch.um6p.ma\\\/?p=3361#blogposting\",\"name\":\"R\\u00e9trospective m\\u00e9diatique sur Abderrazak El Albani et les origines du vivant - Chair of Complexities \\u221e Humanities\",\"headline\":\"R\\u00e9trospective m\\u00e9diatique sur Abderrazak El Albani et les origines du vivant\",\"author\":{\"@id\":\"https:\\\/\\\/cch.um6p.ma\\\/?author=1#author\"},\"publisher\":{\"@id\":\"https:\\\/\\\/cch.um6p.ma\\\/#organization\"},\"image\":{\"@type\":\"ImageObject\",\"url\":\"https:\\\/\\\/cch.um6p.ma\\\/wp-content\\\/uploads\\\/2025\\\/02\\\/El-Albani-e1738775980764.jpg\",\"width\":856,\"height\":972},\"datePublished\":\"2025-06-30T22:01:58+01:00\",\"dateModified\":\"2026-06-10T12:54:56+01:00\",\"inLanguage\":\"en-US\",\"mainEntityOfPage\":{\"@id\":\"https:\\\/\\\/cch.um6p.ma\\\/?p=3361#webpage\"},\"isPartOf\":{\"@id\":\"https:\\\/\\\/cch.um6p.ma\\\/?p=3361#webpage\"},\"articleSection\":\"Uncategorized\"},{\"@type\":\"BreadcrumbList\",\"@id\":\"https:\\\/\\\/cch.um6p.ma\\\/?p=3361#breadcrumblist\",\"itemListElement\":[{\"@type\":\"ListItem\",\"@id\":\"https:\\\/\\\/cch.um6p.ma#listItem\",\"position\":1,\"name\":\"Home\",\"item\":\"https:\\\/\\\/cch.um6p.ma\",\"nextItem\":{\"@type\":\"ListItem\",\"@id\":\"https:\\\/\\\/cch.um6p.ma\\\/?cat=1#listItem\",\"name\":\"Uncategorized\"}},{\"@type\":\"ListItem\",\"@id\":\"https:\\\/\\\/cch.um6p.ma\\\/?cat=1#listItem\",\"position\":2,\"name\":\"Uncategorized\",\"item\":\"https:\\\/\\\/cch.um6p.ma\\\/?cat=1\",\"nextItem\":{\"@type\":\"ListItem\",\"@id\":\"https:\\\/\\\/cch.um6p.ma\\\/?p=3361#listItem\",\"name\":\"R\\u00e9trospective m\\u00e9diatique sur Abderrazak El Albani et les origines du vivant\"},\"previousItem\":{\"@type\":\"ListItem\",\"@id\":\"https:\\\/\\\/cch.um6p.ma#listItem\",\"name\":\"Home\"}},{\"@type\":\"ListItem\",\"@id\":\"https:\\\/\\\/cch.um6p.ma\\\/?p=3361#listItem\",\"position\":3,\"name\":\"R\\u00e9trospective m\\u00e9diatique sur Abderrazak El Albani et les origines du vivant\",\"previousItem\":{\"@type\":\"ListItem\",\"@id\":\"https:\\\/\\\/cch.um6p.ma\\\/?cat=1#listItem\",\"name\":\"Uncategorized\"}}]},{\"@type\":\"Organization\",\"@id\":\"https:\\\/\\\/cch.um6p.ma\\\/#organization\",\"name\":\"Chair of Complexities \\u221e Humanities\",\"url\":\"https:\\\/\\\/cch.um6p.ma\\\/\",\"telephone\":\"+212617412391\",\"logo\":{\"@type\":\"ImageObject\",\"url\":\"https:\\\/\\\/cch.um6p.ma\\\/wp-content\\\/uploads\\\/2023\\\/08\\\/Logo-Chair-of-Complexities-Humanities-2-e1692185437512.png\",\"@id\":\"https:\\\/\\\/cch.um6p.ma\\\/?p=3361\\\/#organizationLogo\",\"width\":100,\"height\":56},\"image\":{\"@id\":\"https:\\\/\\\/cch.um6p.ma\\\/?p=3361\\\/#organizationLogo\"},\"sameAs\":[\"https:\\\/\\\/www.youtube.com\\\/@ChairofComplexitiesHumanities\",\"https:\\\/\\\/www.linkedin.com\\\/company\\\/um6p-cch\"]},{\"@type\":\"Person\",\"@id\":\"https:\\\/\\\/cch.um6p.ma\\\/?author=1#author\",\"url\":\"https:\\\/\\\/cch.um6p.ma\\\/?author=1\",\"name\":\"cch_admin\",\"image\":{\"@type\":\"ImageObject\",\"@id\":\"https:\\\/\\\/cch.um6p.ma\\\/?p=3361#authorImage\",\"url\":\"https:\\\/\\\/secure.gravatar.com\\\/avatar\\\/e49dd2f1daa6cf8819982983f9890c9ddfe0fb0a0f5451fb8ad635404f6dedc4?s=96&d=mm&r=g\",\"width\":96,\"height\":96,\"caption\":\"cch_admin\"}},{\"@type\":\"WebPage\",\"@id\":\"https:\\\/\\\/cch.um6p.ma\\\/?p=3361#webpage\",\"url\":\"https:\\\/\\\/cch.um6p.ma\\\/?p=3361\",\"name\":\"R\\u00e9trospective m\\u00e9diatique sur Abderrazak El Albani et les origines du vivant - Chair of Complexities \\u221e Humanities\",\"description\":\"Revue de diff\\u00e9rentes couvertures m\\u00e9dia autour des travaux de bio-g\\u00e9ologie du Prof. Abderrazak El Albani, invit\\u00e9 par la Chaire pour la session \\\"Le Vivant: r\\u00e9trospective et prospective\\\" de la derni\\u00e8re Science Week de l'UM6P. Explorer l'origine du vivant, Abderrazak El Albani Entretien men\\u00e9 par Samia Erraji, 19\\\/02\\\/2025, UM6P Benguerir \\u0644\\u0642\\u0627\\u0621 \\u0645\\u0639 \\u0639\\u0627\\u0644\\u0645 \\u0645\\u063a\\u0631\\u0628\\u064a \\u063a\\u064a\\u0651\\u0631 \\u0641\\u0647\\u0645\\u0646\\u0627\",\"inLanguage\":\"en-US\",\"isPartOf\":{\"@id\":\"https:\\\/\\\/cch.um6p.ma\\\/#website\"},\"breadcrumb\":{\"@id\":\"https:\\\/\\\/cch.um6p.ma\\\/?p=3361#breadcrumblist\"},\"author\":{\"@id\":\"https:\\\/\\\/cch.um6p.ma\\\/?author=1#author\"},\"creator\":{\"@id\":\"https:\\\/\\\/cch.um6p.ma\\\/?author=1#author\"},\"image\":{\"@type\":\"ImageObject\",\"url\":\"https:\\\/\\\/cch.um6p.ma\\\/wp-content\\\/uploads\\\/2025\\\/02\\\/El-Albani-e1738775980764.jpg\",\"@id\":\"https:\\\/\\\/cch.um6p.ma\\\/?p=3361\\\/#mainImage\",\"width\":856,\"height\":972},\"primaryImageOfPage\":{\"@id\":\"https:\\\/\\\/cch.um6p.ma\\\/?p=3361#mainImage\"},\"datePublished\":\"2025-06-30T22:01:58+01:00\",\"dateModified\":\"2026-06-10T12:54:56+01:00\"},{\"@type\":\"WebSite\",\"@id\":\"https:\\\/\\\/cch.um6p.ma\\\/#website\",\"url\":\"https:\\\/\\\/cch.um6p.ma\\\/\",\"name\":\"Chair of Complexities \\u221e Humanities\",\"inLanguage\":\"en-US\",\"publisher\":{\"@id\":\"https:\\\/\\\/cch.um6p.ma\\\/#organization\"}}]}\n\t\t<\/script>\n\t\t<!-- All in One SEO -->\n\n","aioseo_head_json":{"title":"R\u00e9trospective m\u00e9diatique sur Abderrazak El Albani et les origines du vivant - Chair of Complexities \u221e Humanities","description":"Revue de diff\u00e9rentes couvertures m\u00e9dia autour des travaux de bio-g\u00e9ologie du Prof. Abderrazak El Albani, invit\u00e9 par la Chaire pour la session \"Le Vivant: r\u00e9trospective et prospective\" de la derni\u00e8re Science Week de l'UM6P. Explorer l'origine du vivant, Abderrazak El Albani Entretien men\u00e9 par Samia Erraji, 19\/02\/2025, UM6P Benguerir \u0644\u0642\u0627\u0621 \u0645\u0639 \u0639\u0627\u0644\u0645 \u0645\u063a\u0631\u0628\u064a \u063a\u064a\u0651\u0631 \u0641\u0647\u0645\u0646\u0627","canonical_url":"https:\/\/cch.um6p.ma\/?p=3361","robots":"max-image-preview:large","keywords":"","webmasterTools":{"miscellaneous":""},"schema":{"@context":"https:\/\/schema.org","@graph":[{"@type":"BlogPosting","@id":"https:\/\/cch.um6p.ma\/?p=3361#blogposting","name":"R\u00e9trospective m\u00e9diatique sur Abderrazak El Albani et les origines du vivant - Chair of Complexities \u221e Humanities","headline":"R\u00e9trospective m\u00e9diatique sur Abderrazak El Albani et les origines du vivant","author":{"@id":"https:\/\/cch.um6p.ma\/?author=1#author"},"publisher":{"@id":"https:\/\/cch.um6p.ma\/#organization"},"image":{"@type":"ImageObject","url":"https:\/\/cch.um6p.ma\/wp-content\/uploads\/2025\/02\/El-Albani-e1738775980764.jpg","width":856,"height":972},"datePublished":"2025-06-30T22:01:58+01:00","dateModified":"2026-06-10T12:54:56+01:00","inLanguage":"en-US","mainEntityOfPage":{"@id":"https:\/\/cch.um6p.ma\/?p=3361#webpage"},"isPartOf":{"@id":"https:\/\/cch.um6p.ma\/?p=3361#webpage"},"articleSection":"Uncategorized"},{"@type":"BreadcrumbList","@id":"https:\/\/cch.um6p.ma\/?p=3361#breadcrumblist","itemListElement":[{"@type":"ListItem","@id":"https:\/\/cch.um6p.ma#listItem","position":1,"name":"Home","item":"https:\/\/cch.um6p.ma","nextItem":{"@type":"ListItem","@id":"https:\/\/cch.um6p.ma\/?cat=1#listItem","name":"Uncategorized"}},{"@type":"ListItem","@id":"https:\/\/cch.um6p.ma\/?cat=1#listItem","position":2,"name":"Uncategorized","item":"https:\/\/cch.um6p.ma\/?cat=1","nextItem":{"@type":"ListItem","@id":"https:\/\/cch.um6p.ma\/?p=3361#listItem","name":"R\u00e9trospective m\u00e9diatique sur Abderrazak El Albani et les origines du vivant"},"previousItem":{"@type":"ListItem","@id":"https:\/\/cch.um6p.ma#listItem","name":"Home"}},{"@type":"ListItem","@id":"https:\/\/cch.um6p.ma\/?p=3361#listItem","position":3,"name":"R\u00e9trospective m\u00e9diatique sur Abderrazak El Albani et les origines du vivant","previousItem":{"@type":"ListItem","@id":"https:\/\/cch.um6p.ma\/?cat=1#listItem","name":"Uncategorized"}}]},{"@type":"Organization","@id":"https:\/\/cch.um6p.ma\/#organization","name":"Chair of Complexities \u221e Humanities","url":"https:\/\/cch.um6p.ma\/","telephone":"+212617412391","logo":{"@type":"ImageObject","url":"https:\/\/cch.um6p.ma\/wp-content\/uploads\/2023\/08\/Logo-Chair-of-Complexities-Humanities-2-e1692185437512.png","@id":"https:\/\/cch.um6p.ma\/?p=3361\/#organizationLogo","width":100,"height":56},"image":{"@id":"https:\/\/cch.um6p.ma\/?p=3361\/#organizationLogo"},"sameAs":["https:\/\/www.youtube.com\/@ChairofComplexitiesHumanities","https:\/\/www.linkedin.com\/company\/um6p-cch"]},{"@type":"Person","@id":"https:\/\/cch.um6p.ma\/?author=1#author","url":"https:\/\/cch.um6p.ma\/?author=1","name":"cch_admin","image":{"@type":"ImageObject","@id":"https:\/\/cch.um6p.ma\/?p=3361#authorImage","url":"https:\/\/secure.gravatar.com\/avatar\/e49dd2f1daa6cf8819982983f9890c9ddfe0fb0a0f5451fb8ad635404f6dedc4?s=96&d=mm&r=g","width":96,"height":96,"caption":"cch_admin"}},{"@type":"WebPage","@id":"https:\/\/cch.um6p.ma\/?p=3361#webpage","url":"https:\/\/cch.um6p.ma\/?p=3361","name":"R\u00e9trospective m\u00e9diatique sur Abderrazak El Albani et les origines du vivant - Chair of Complexities \u221e Humanities","description":"Revue de diff\u00e9rentes couvertures m\u00e9dia autour des travaux de bio-g\u00e9ologie du Prof. Abderrazak El Albani, invit\u00e9 par la Chaire pour la session \"Le Vivant: r\u00e9trospective et prospective\" de la derni\u00e8re Science Week de l'UM6P. Explorer l'origine du vivant, Abderrazak El Albani Entretien men\u00e9 par Samia Erraji, 19\/02\/2025, UM6P Benguerir \u0644\u0642\u0627\u0621 \u0645\u0639 \u0639\u0627\u0644\u0645 \u0645\u063a\u0631\u0628\u064a \u063a\u064a\u0651\u0631 \u0641\u0647\u0645\u0646\u0627","inLanguage":"en-US","isPartOf":{"@id":"https:\/\/cch.um6p.ma\/#website"},"breadcrumb":{"@id":"https:\/\/cch.um6p.ma\/?p=3361#breadcrumblist"},"author":{"@id":"https:\/\/cch.um6p.ma\/?author=1#author"},"creator":{"@id":"https:\/\/cch.um6p.ma\/?author=1#author"},"image":{"@type":"ImageObject","url":"https:\/\/cch.um6p.ma\/wp-content\/uploads\/2025\/02\/El-Albani-e1738775980764.jpg","@id":"https:\/\/cch.um6p.ma\/?p=3361\/#mainImage","width":856,"height":972},"primaryImageOfPage":{"@id":"https:\/\/cch.um6p.ma\/?p=3361#mainImage"},"datePublished":"2025-06-30T22:01:58+01:00","dateModified":"2026-06-10T12:54:56+01:00"},{"@type":"WebSite","@id":"https:\/\/cch.um6p.ma\/#website","url":"https:\/\/cch.um6p.ma\/","name":"Chair of Complexities \u221e Humanities","inLanguage":"en-US","publisher":{"@id":"https:\/\/cch.um6p.ma\/#organization"}}]},"og:locale":"en_US","og:site_name":"Chair of Complexities \u221e Humanities -","og:type":"article","og:title":"R\u00e9trospective m\u00e9diatique sur Abderrazak El Albani et les origines du vivant - Chair of Complexities \u221e Humanities","og:description":"Revue de diff\u00e9rentes couvertures m\u00e9dia autour des travaux de bio-g\u00e9ologie du Prof. Abderrazak El Albani, invit\u00e9 par la Chaire pour la session &quot;Le Vivant: r\u00e9trospective et prospective&quot; de la derni\u00e8re Science Week de l'UM6P. Explorer l'origine du vivant, Abderrazak El Albani Entretien men\u00e9 par Samia Erraji, 19\/02\/2025, UM6P Benguerir \u0644\u0642\u0627\u0621 \u0645\u0639 \u0639\u0627\u0644\u0645 \u0645\u063a\u0631\u0628\u064a \u063a\u064a\u0651\u0631 \u0641\u0647\u0645\u0646\u0627","og:url":"https:\/\/cch.um6p.ma\/?p=3361","og:image":"https:\/\/cch.um6p.ma\/wp-content\/uploads\/2023\/08\/logo_CCH_icon2.jpg","og:image:secure_url":"https:\/\/cch.um6p.ma\/wp-content\/uploads\/2023\/08\/logo_CCH_icon2.jpg","og:image:width":124,"og:image:height":82,"article:published_time":"2025-06-30T22:01:58+00:00","article:modified_time":"2026-06-10T11:54:56+00:00","twitter:card":"summary_large_image","twitter:title":"R\u00e9trospective m\u00e9diatique sur Abderrazak El Albani et les origines du vivant - Chair of Complexities \u221e Humanities","twitter:description":"Revue de diff\u00e9rentes couvertures m\u00e9dia autour des travaux de bio-g\u00e9ologie du Prof. Abderrazak El Albani, invit\u00e9 par la Chaire pour la session &quot;Le Vivant: r\u00e9trospective et prospective&quot; de la derni\u00e8re Science Week de l'UM6P. Explorer l'origine du vivant, Abderrazak El Albani Entretien men\u00e9 par Samia Erraji, 19\/02\/2025, UM6P Benguerir \u0644\u0642\u0627\u0621 \u0645\u0639 \u0639\u0627\u0644\u0645 \u0645\u063a\u0631\u0628\u064a \u063a\u064a\u0651\u0631 \u0641\u0647\u0645\u0646\u0627","twitter:image":"https:\/\/cch.um6p.ma\/wp-content\/uploads\/2023\/08\/logo_CCH_icon2.jpg"},"aioseo_meta_data":{"post_id":"3361","title":null,"description":null,"keywords":null,"keyphrases":{"focus":{"keyphrase":"","score":0,"analysis":{"keyphraseInTitle":{"score":0,"maxScore":9,"error":1}}},"additional":[]},"primary_term":null,"canonical_url":null,"og_title":null,"og_description":null,"og_object_type":"default","og_image_type":"default","og_image_url":null,"og_image_width":null,"og_image_height":null,"og_image_custom_url":null,"og_image_custom_fields":null,"og_video":"","og_custom_url":null,"og_article_section":null,"og_article_tags":null,"twitter_use_og":false,"twitter_card":"default","twitter_image_type":"default","twitter_image_url":null,"twitter_image_custom_url":null,"twitter_image_custom_fields":null,"twitter_title":null,"twitter_description":null,"schema":{"blockGraphs":[],"customGraphs":[],"default":{"data":{"Article":[],"Course":[],"Dataset":[],"FAQPage":[],"Movie":[],"Person":[],"Product":[],"ProductReview":[],"Car":[],"Recipe":[],"Service":[],"SoftwareApplication":[],"WebPage":[]},"graphName":"BlogPosting","isEnabled":true},"graphs":[]},"schema_type":"default","schema_type_options":null,"pillar_content":false,"robots_default":true,"robots_noindex":false,"robots_noarchive":false,"robots_nosnippet":false,"robots_nofollow":false,"robots_noimageindex":false,"robots_noodp":false,"robots_notranslate":false,"robots_max_snippet":"-1","robots_max_videopreview":"-1","robots_max_imagepreview":"large","priority":null,"frequency":"default","local_seo":null,"limit_modified_date":false,"created":"2025-06-30 21:31:28","updated":"2026-06-10 12:08:11","ai":{"faqs":[],"keyPoints":[],"schemas":[],"titles":[],"descriptions":[],"socialPosts":{"email":[],"linkedin":[],"twitter":[],"facebook":[],"instagram":[]}},"breadcrumb_settings":null,"seo_analyzer_scan_date":null},"aioseo_breadcrumb":"<div class=\"aioseo-breadcrumbs\"><span class=\"aioseo-breadcrumb\">\n\t\t\t<a href=\"https:\/\/cch.um6p.ma\" title=\"Home\">Home<\/a>\n\t\t<\/span><span class=\"aioseo-breadcrumb-separator\">&raquo;<\/span><span class=\"aioseo-breadcrumb\">\n\t\t\t<a href=\"https:\/\/cch.um6p.ma\/?cat=1\" title=\"Uncategorized\">Uncategorized<\/a>\n\t\t<\/span><span class=\"aioseo-breadcrumb-separator\">&raquo;<\/span><span class=\"aioseo-breadcrumb\">\n\t\t\tR\u00e9trospective m\u00e9diatique sur Abderrazak El Albani et les origines du vivant\n\t\t<\/span><\/div>","aioseo_breadcrumb_json":[{"label":"Home","link":"https:\/\/cch.um6p.ma"},{"label":"Uncategorized","link":"https:\/\/cch.um6p.ma\/?cat=1"},{"label":"R\u00e9trospective m\u00e9diatique sur Abderrazak El Albani et les origines du vivant","link":"https:\/\/cch.um6p.ma\/?p=3361"}],"_links":{"self":[{"href":"https:\/\/cch.um6p.ma\/index.php?rest_route=\/wp\/v2\/posts\/3361","targetHints":{"allow":["GET"]}}],"collection":[{"href":"https:\/\/cch.um6p.ma\/index.php?rest_route=\/wp\/v2\/posts"}],"about":[{"href":"https:\/\/cch.um6p.ma\/index.php?rest_route=\/wp\/v2\/types\/post"}],"author":[{"embeddable":true,"href":"https:\/\/cch.um6p.ma\/index.php?rest_route=\/wp\/v2\/users\/1"}],"replies":[{"embeddable":true,"href":"https:\/\/cch.um6p.ma\/index.php?rest_route=%2Fwp%2Fv2%2Fcomments&post=3361"}],"version-history":[{"count":6,"href":"https:\/\/cch.um6p.ma\/index.php?rest_route=\/wp\/v2\/posts\/3361\/revisions"}],"predecessor-version":[{"id":3752,"href":"https:\/\/cch.um6p.ma\/index.php?rest_route=\/wp\/v2\/posts\/3361\/revisions\/3752"}],"wp:featuredmedia":[{"embeddable":true,"href":"https:\/\/cch.um6p.ma\/index.php?rest_route=\/wp\/v2\/media\/3281"}],"wp:attachment":[{"href":"https:\/\/cch.um6p.ma\/index.php?rest_route=%2Fwp%2Fv2%2Fmedia&parent=3361"}],"wp:term":[{"taxonomy":"category","embeddable":true,"href":"https:\/\/cch.um6p.ma\/index.php?rest_route=%2Fwp%2Fv2%2Fcategories&post=3361"},{"taxonomy":"post_tag","embeddable":true,"href":"https:\/\/cch.um6p.ma\/index.php?rest_route=%2Fwp%2Fv2%2Ftags&post=3361"}],"curies":[{"name":"wp","href":"https:\/\/api.w.org\/{rel}","templated":true}]}}