{"id":1415,"date":"2023-09-05T23:59:51","date_gmt":"2023-09-05T23:59:51","guid":{"rendered":"https:\/\/cch.um6p.ma\/?page_id=1415"},"modified":"2026-06-05T15:10:46","modified_gmt":"2026-06-05T15:10:46","slug":"800-saheliens-parlent-du-radicalisme","status":"publish","type":"post","link":"https:\/\/cch.um6p.ma\/?p=1415","title":{"rendered":"800 Sah\u00e9liens parlent du radicalisme"},"content":{"rendered":"<p><img loading=\"lazy\" decoding=\"async\" class=\" wp-image-1662 alignright\" src=\"https:\/\/cch.um6p.ma\/wp-content\/uploads\/2023\/09\/800_Saheliens_parlent_du_radicalisme.jpg\" alt=\"\" width=\"172\" height=\"173\" srcset=\"https:\/\/cch.um6p.ma\/wp-content\/uploads\/2023\/09\/800_Saheliens_parlent_du_radicalisme.jpg 216w, https:\/\/cch.um6p.ma\/wp-content\/uploads\/2023\/09\/800_Saheliens_parlent_du_radicalisme-150x150.jpg 150w, https:\/\/cch.um6p.ma\/wp-content\/uploads\/2023\/09\/800_Saheliens_parlent_du_radicalisme-149x150.jpg 149w\" sizes=\"auto, (max-width: 172px) 100vw, 172px\" \/>Babel, Espace 2, RTS, 18 novembre 2018, 11h03<\/p>\n<p style=\"text-align: justify;\">Que disent les Mauritaniens, Maliens, Bourkinab\u00e9s ou Camerounais de la radicalisation islamiste? Quel r\u00f4le pr\u00eatent-ils aux djihadistes dans la violence et l\u02b9ins\u00e9curit\u00e9 qui r\u00e8gnent au Sahel? Un rapport intitul\u00e9 \u201c<a href=\"?page_id=1334\">Radicalisation, extr\u00e9misme violent et ins\u00e9curit\u00e9 au Sahel<\/a>\u201d, bas\u00e9 sur 800 interviews, a \u00e9t\u00e9 pr\u00e9sent\u00e9 \u00e0 Gen\u00e8ve par R\u00e9da Benkirane, Isa\u00efe Dougnon et Claude Mbowou. Fabien H\u00fcnenberger a rencontr\u00e9 les trois chercheurs pour en parler. Par ailleurs, il s\u02b9est entretenu avec S\u00e9bastien Chadaud-P\u00e9tronin, fils d\u02b9une otage d\u00e9tenue par des djihadistes au Mali.<\/p>\n<p><audio src=\"https:\/\/ia601409.us.archive.org\/35\/items\/babel20181118sahel\/Babel_20181118_Sahel.mp3\" controls=\"controls\" data-mce-fragment=\"1\"><\/audio><\/p>\n","protected":false},"excerpt":{"rendered":"<p>Babel, Espace 2, RTS, 18 novembre 2018, 11h03 Que disent les Mauritaniens, Maliens, Bourkinab\u00e9s ou Camerounais de la radicalisation islamiste? Quel r\u00f4le pr\u00eatent-ils aux djihadistes dans la violence et l\u02b9ins\u00e9curit\u00e9 qui r\u00e8gnent au Sahel? Un rapport intitul\u00e9 \u201cRadicalisation, extr\u00e9misme violent et ins\u00e9curit\u00e9 au Sahel\u201d, bas\u00e9 sur 800 interviews, a \u00e9t\u00e9&#8230; <a class=\"continue-reading-link\" href=\"https:\/\/cch.um6p.ma\/?p=1415\">Continue reading<\/a><\/p>\n","protected":false},"author":1,"featured_media":1662,"comment_status":"closed","ping_status":"closed","sticky":false,"template":"","format":"standard","meta":{"om_disable_all_campaigns":false,"_monsterinsights_skip_tracking":false,"ngg_post_thumbnail":0,"footnotes":""},"categories":[1],"tags":[],"class_list":["post-1415","post","type-post","status-publish","format-standard","has-post-thumbnail","hentry","category-uncategorized"],"aioseo_notices":[],"aioseo_head":"\n\t\t<!-- All in One SEO 4.9.10 - aioseo.com -->\n\t<meta name=\"description\" content=\"Babel, Espace 2, RTS, 18 novembre 2018, 11h03 Que disent les Mauritaniens, Maliens, Bourkinab\u00e9s ou Camerounais de la radicalisation islamiste? Quel r\u00f4le pr\u00eatent-ils aux djihadistes dans la violence et l\u02b9ins\u00e9curit\u00e9 qui r\u00e8gnent au Sahel? Un rapport intitul\u00e9 \u201cRadicalisation, extr\u00e9misme violent et ins\u00e9curit\u00e9 au Sahel\u201d, bas\u00e9 sur 800 interviews, a \u00e9t\u00e9 pr\u00e9sent\u00e9 \u00e0 Gen\u00e8ve par R\u00e9da\" \/>\n\t<meta name=\"robots\" content=\"max-image-preview:large\" \/>\n\t<meta name=\"author\" content=\"cch_admin\"\/>\n\t<link rel=\"canonical\" href=\"https:\/\/cch.um6p.ma\/?p=1415\" \/>\n\t<meta name=\"generator\" content=\"All in One SEO (AIOSEO) 4.9.10\" \/>\n\t\t<meta property=\"og:locale\" content=\"en_US\" \/>\n\t\t<meta property=\"og:site_name\" content=\"Chair of Complexities \u221e Humanities -\" \/>\n\t\t<meta property=\"og:type\" content=\"article\" \/>\n\t\t<meta property=\"og:title\" content=\"800 Sah\u00e9liens parlent du radicalisme - Chair of Complexities \u221e Humanities\" \/>\n\t\t<meta property=\"og:description\" content=\"Babel, Espace 2, RTS, 18 novembre 2018, 11h03 Que disent les Mauritaniens, Maliens, Bourkinab\u00e9s ou Camerounais de la radicalisation islamiste? Quel r\u00f4le pr\u00eatent-ils aux djihadistes dans la violence et l\u02b9ins\u00e9curit\u00e9 qui r\u00e8gnent au Sahel? Un rapport intitul\u00e9 \u201cRadicalisation, extr\u00e9misme violent et ins\u00e9curit\u00e9 au Sahel\u201d, bas\u00e9 sur 800 interviews, a \u00e9t\u00e9 pr\u00e9sent\u00e9 \u00e0 Gen\u00e8ve par R\u00e9da\" \/>\n\t\t<meta property=\"og:url\" content=\"https:\/\/cch.um6p.ma\/?p=1415\" \/>\n\t\t<meta property=\"og:image\" content=\"https:\/\/cch.um6p.ma\/wp-content\/uploads\/2023\/08\/logo_CCH_icon2.jpg\" \/>\n\t\t<meta property=\"og:image:secure_url\" content=\"https:\/\/cch.um6p.ma\/wp-content\/uploads\/2023\/08\/logo_CCH_icon2.jpg\" \/>\n\t\t<meta property=\"og:image:width\" content=\"124\" \/>\n\t\t<meta property=\"og:image:height\" content=\"82\" \/>\n\t\t<meta property=\"article:published_time\" content=\"2023-09-05T23:59:51+00:00\" \/>\n\t\t<meta property=\"article:modified_time\" content=\"2026-06-05T15:10:46+00:00\" \/>\n\t\t<meta name=\"twitter:card\" content=\"summary_large_image\" \/>\n\t\t<meta name=\"twitter:title\" content=\"800 Sah\u00e9liens parlent du radicalisme - Chair of Complexities \u221e Humanities\" \/>\n\t\t<meta name=\"twitter:description\" content=\"Babel, Espace 2, RTS, 18 novembre 2018, 11h03 Que disent les Mauritaniens, Maliens, Bourkinab\u00e9s ou Camerounais de la radicalisation islamiste? Quel r\u00f4le pr\u00eatent-ils aux djihadistes dans la violence et l\u02b9ins\u00e9curit\u00e9 qui r\u00e8gnent au Sahel? Un rapport intitul\u00e9 \u201cRadicalisation, extr\u00e9misme violent et ins\u00e9curit\u00e9 au Sahel\u201d, bas\u00e9 sur 800 interviews, a \u00e9t\u00e9 pr\u00e9sent\u00e9 \u00e0 Gen\u00e8ve par R\u00e9da\" \/>\n\t\t<meta name=\"twitter:image\" content=\"https:\/\/cch.um6p.ma\/wp-content\/uploads\/2023\/08\/logo_CCH_icon2.jpg\" \/>\n\t\t<script type=\"application\/ld+json\" class=\"aioseo-schema\">\n\t\t\t{\"@context\":\"https:\\\/\\\/schema.org\",\"@graph\":[{\"@type\":\"BlogPosting\",\"@id\":\"https:\\\/\\\/cch.um6p.ma\\\/?p=1415#blogposting\",\"name\":\"800 Sah\\u00e9liens parlent du radicalisme - Chair of Complexities \\u221e Humanities\",\"headline\":\"800 Sah\\u00e9liens parlent du radicalisme\",\"author\":{\"@id\":\"https:\\\/\\\/cch.um6p.ma\\\/?author=1#author\"},\"publisher\":{\"@id\":\"https:\\\/\\\/cch.um6p.ma\\\/#organization\"},\"image\":{\"@type\":\"ImageObject\",\"url\":\"https:\\\/\\\/cch.um6p.ma\\\/wp-content\\\/uploads\\\/2023\\\/09\\\/800_Saheliens_parlent_du_radicalisme.jpg\",\"width\":216,\"height\":217},\"datePublished\":\"2023-09-05T23:59:51+01:00\",\"dateModified\":\"2026-06-05T15:10:46+01:00\",\"inLanguage\":\"en-US\",\"mainEntityOfPage\":{\"@id\":\"https:\\\/\\\/cch.um6p.ma\\\/?p=1415#webpage\"},\"isPartOf\":{\"@id\":\"https:\\\/\\\/cch.um6p.ma\\\/?p=1415#webpage\"},\"articleSection\":\"Uncategorized\"},{\"@type\":\"BreadcrumbList\",\"@id\":\"https:\\\/\\\/cch.um6p.ma\\\/?p=1415#breadcrumblist\",\"itemListElement\":[{\"@type\":\"ListItem\",\"@id\":\"https:\\\/\\\/cch.um6p.ma#listItem\",\"position\":1,\"name\":\"Home\",\"item\":\"https:\\\/\\\/cch.um6p.ma\",\"nextItem\":{\"@type\":\"ListItem\",\"@id\":\"https:\\\/\\\/cch.um6p.ma\\\/?cat=1#listItem\",\"name\":\"Uncategorized\"}},{\"@type\":\"ListItem\",\"@id\":\"https:\\\/\\\/cch.um6p.ma\\\/?cat=1#listItem\",\"position\":2,\"name\":\"Uncategorized\",\"item\":\"https:\\\/\\\/cch.um6p.ma\\\/?cat=1\",\"nextItem\":{\"@type\":\"ListItem\",\"@id\":\"https:\\\/\\\/cch.um6p.ma\\\/?p=1415#listItem\",\"name\":\"800 Sah\\u00e9liens parlent du radicalisme\"},\"previousItem\":{\"@type\":\"ListItem\",\"@id\":\"https:\\\/\\\/cch.um6p.ma#listItem\",\"name\":\"Home\"}},{\"@type\":\"ListItem\",\"@id\":\"https:\\\/\\\/cch.um6p.ma\\\/?p=1415#listItem\",\"position\":3,\"name\":\"800 Sah\\u00e9liens parlent du radicalisme\",\"previousItem\":{\"@type\":\"ListItem\",\"@id\":\"https:\\\/\\\/cch.um6p.ma\\\/?cat=1#listItem\",\"name\":\"Uncategorized\"}}]},{\"@type\":\"Organization\",\"@id\":\"https:\\\/\\\/cch.um6p.ma\\\/#organization\",\"name\":\"Chair of Complexities \\u221e Humanities\",\"url\":\"https:\\\/\\\/cch.um6p.ma\\\/\",\"telephone\":\"+212617412391\",\"logo\":{\"@type\":\"ImageObject\",\"url\":\"https:\\\/\\\/cch.um6p.ma\\\/wp-content\\\/uploads\\\/2023\\\/08\\\/Logo-Chair-of-Complexities-Humanities-2-e1692185437512.png\",\"@id\":\"https:\\\/\\\/cch.um6p.ma\\\/?p=1415\\\/#organizationLogo\",\"width\":100,\"height\":56},\"image\":{\"@id\":\"https:\\\/\\\/cch.um6p.ma\\\/?p=1415\\\/#organizationLogo\"},\"sameAs\":[\"https:\\\/\\\/www.youtube.com\\\/@ChairofComplexitiesHumanities\",\"https:\\\/\\\/www.linkedin.com\\\/company\\\/um6p-cch\"]},{\"@type\":\"Person\",\"@id\":\"https:\\\/\\\/cch.um6p.ma\\\/?author=1#author\",\"url\":\"https:\\\/\\\/cch.um6p.ma\\\/?author=1\",\"name\":\"cch_admin\",\"image\":{\"@type\":\"ImageObject\",\"@id\":\"https:\\\/\\\/cch.um6p.ma\\\/?p=1415#authorImage\",\"url\":\"https:\\\/\\\/secure.gravatar.com\\\/avatar\\\/e49dd2f1daa6cf8819982983f9890c9ddfe0fb0a0f5451fb8ad635404f6dedc4?s=96&d=mm&r=g\",\"width\":96,\"height\":96,\"caption\":\"cch_admin\"}},{\"@type\":\"WebPage\",\"@id\":\"https:\\\/\\\/cch.um6p.ma\\\/?p=1415#webpage\",\"url\":\"https:\\\/\\\/cch.um6p.ma\\\/?p=1415\",\"name\":\"800 Sah\\u00e9liens parlent du radicalisme - Chair of Complexities \\u221e Humanities\",\"description\":\"Babel, Espace 2, RTS, 18 novembre 2018, 11h03 Que disent les Mauritaniens, Maliens, Bourkinab\\u00e9s ou Camerounais de la radicalisation islamiste? Quel r\\u00f4le pr\\u00eatent-ils aux djihadistes dans la violence et l\\u02b9ins\\u00e9curit\\u00e9 qui r\\u00e8gnent au Sahel? Un rapport intitul\\u00e9 \\u201cRadicalisation, extr\\u00e9misme violent et ins\\u00e9curit\\u00e9 au Sahel\\u201d, bas\\u00e9 sur 800 interviews, a \\u00e9t\\u00e9 pr\\u00e9sent\\u00e9 \\u00e0 Gen\\u00e8ve par R\\u00e9da\",\"inLanguage\":\"en-US\",\"isPartOf\":{\"@id\":\"https:\\\/\\\/cch.um6p.ma\\\/#website\"},\"breadcrumb\":{\"@id\":\"https:\\\/\\\/cch.um6p.ma\\\/?p=1415#breadcrumblist\"},\"author\":{\"@id\":\"https:\\\/\\\/cch.um6p.ma\\\/?author=1#author\"},\"creator\":{\"@id\":\"https:\\\/\\\/cch.um6p.ma\\\/?author=1#author\"},\"image\":{\"@type\":\"ImageObject\",\"url\":\"https:\\\/\\\/cch.um6p.ma\\\/wp-content\\\/uploads\\\/2023\\\/09\\\/800_Saheliens_parlent_du_radicalisme.jpg\",\"@id\":\"https:\\\/\\\/cch.um6p.ma\\\/?p=1415\\\/#mainImage\",\"width\":216,\"height\":217},\"primaryImageOfPage\":{\"@id\":\"https:\\\/\\\/cch.um6p.ma\\\/?p=1415#mainImage\"},\"datePublished\":\"2023-09-05T23:59:51+01:00\",\"dateModified\":\"2026-06-05T15:10:46+01:00\"},{\"@type\":\"WebSite\",\"@id\":\"https:\\\/\\\/cch.um6p.ma\\\/#website\",\"url\":\"https:\\\/\\\/cch.um6p.ma\\\/\",\"name\":\"Chair of Complexities \\u221e Humanities\",\"inLanguage\":\"en-US\",\"publisher\":{\"@id\":\"https:\\\/\\\/cch.um6p.ma\\\/#organization\"}}]}\n\t\t<\/script>\n\t\t<!-- All in One SEO -->\n\n","aioseo_head_json":{"title":"800 Sah\u00e9liens parlent du radicalisme - Chair of Complexities \u221e Humanities","description":"Babel, Espace 2, RTS, 18 novembre 2018, 11h03 Que disent les Mauritaniens, Maliens, Bourkinab\u00e9s ou Camerounais de la radicalisation islamiste? Quel r\u00f4le pr\u00eatent-ils aux djihadistes dans la violence et l\u02b9ins\u00e9curit\u00e9 qui r\u00e8gnent au Sahel? Un rapport intitul\u00e9 \u201cRadicalisation, extr\u00e9misme violent et ins\u00e9curit\u00e9 au Sahel\u201d, bas\u00e9 sur 800 interviews, a \u00e9t\u00e9 pr\u00e9sent\u00e9 \u00e0 Gen\u00e8ve par R\u00e9da","canonical_url":"https:\/\/cch.um6p.ma\/?p=1415","robots":"max-image-preview:large","keywords":"","webmasterTools":{"miscellaneous":""},"schema":{"@context":"https:\/\/schema.org","@graph":[{"@type":"BlogPosting","@id":"https:\/\/cch.um6p.ma\/?p=1415#blogposting","name":"800 Sah\u00e9liens parlent du radicalisme - Chair of Complexities \u221e Humanities","headline":"800 Sah\u00e9liens parlent du radicalisme","author":{"@id":"https:\/\/cch.um6p.ma\/?author=1#author"},"publisher":{"@id":"https:\/\/cch.um6p.ma\/#organization"},"image":{"@type":"ImageObject","url":"https:\/\/cch.um6p.ma\/wp-content\/uploads\/2023\/09\/800_Saheliens_parlent_du_radicalisme.jpg","width":216,"height":217},"datePublished":"2023-09-05T23:59:51+01:00","dateModified":"2026-06-05T15:10:46+01:00","inLanguage":"en-US","mainEntityOfPage":{"@id":"https:\/\/cch.um6p.ma\/?p=1415#webpage"},"isPartOf":{"@id":"https:\/\/cch.um6p.ma\/?p=1415#webpage"},"articleSection":"Uncategorized"},{"@type":"BreadcrumbList","@id":"https:\/\/cch.um6p.ma\/?p=1415#breadcrumblist","itemListElement":[{"@type":"ListItem","@id":"https:\/\/cch.um6p.ma#listItem","position":1,"name":"Home","item":"https:\/\/cch.um6p.ma","nextItem":{"@type":"ListItem","@id":"https:\/\/cch.um6p.ma\/?cat=1#listItem","name":"Uncategorized"}},{"@type":"ListItem","@id":"https:\/\/cch.um6p.ma\/?cat=1#listItem","position":2,"name":"Uncategorized","item":"https:\/\/cch.um6p.ma\/?cat=1","nextItem":{"@type":"ListItem","@id":"https:\/\/cch.um6p.ma\/?p=1415#listItem","name":"800 Sah\u00e9liens parlent du radicalisme"},"previousItem":{"@type":"ListItem","@id":"https:\/\/cch.um6p.ma#listItem","name":"Home"}},{"@type":"ListItem","@id":"https:\/\/cch.um6p.ma\/?p=1415#listItem","position":3,"name":"800 Sah\u00e9liens parlent du radicalisme","previousItem":{"@type":"ListItem","@id":"https:\/\/cch.um6p.ma\/?cat=1#listItem","name":"Uncategorized"}}]},{"@type":"Organization","@id":"https:\/\/cch.um6p.ma\/#organization","name":"Chair of Complexities \u221e Humanities","url":"https:\/\/cch.um6p.ma\/","telephone":"+212617412391","logo":{"@type":"ImageObject","url":"https:\/\/cch.um6p.ma\/wp-content\/uploads\/2023\/08\/Logo-Chair-of-Complexities-Humanities-2-e1692185437512.png","@id":"https:\/\/cch.um6p.ma\/?p=1415\/#organizationLogo","width":100,"height":56},"image":{"@id":"https:\/\/cch.um6p.ma\/?p=1415\/#organizationLogo"},"sameAs":["https:\/\/www.youtube.com\/@ChairofComplexitiesHumanities","https:\/\/www.linkedin.com\/company\/um6p-cch"]},{"@type":"Person","@id":"https:\/\/cch.um6p.ma\/?author=1#author","url":"https:\/\/cch.um6p.ma\/?author=1","name":"cch_admin","image":{"@type":"ImageObject","@id":"https:\/\/cch.um6p.ma\/?p=1415#authorImage","url":"https:\/\/secure.gravatar.com\/avatar\/e49dd2f1daa6cf8819982983f9890c9ddfe0fb0a0f5451fb8ad635404f6dedc4?s=96&d=mm&r=g","width":96,"height":96,"caption":"cch_admin"}},{"@type":"WebPage","@id":"https:\/\/cch.um6p.ma\/?p=1415#webpage","url":"https:\/\/cch.um6p.ma\/?p=1415","name":"800 Sah\u00e9liens parlent du radicalisme - Chair of Complexities \u221e Humanities","description":"Babel, Espace 2, RTS, 18 novembre 2018, 11h03 Que disent les Mauritaniens, Maliens, Bourkinab\u00e9s ou Camerounais de la radicalisation islamiste? Quel r\u00f4le pr\u00eatent-ils aux djihadistes dans la violence et l\u02b9ins\u00e9curit\u00e9 qui r\u00e8gnent au Sahel? Un rapport intitul\u00e9 \u201cRadicalisation, extr\u00e9misme violent et ins\u00e9curit\u00e9 au Sahel\u201d, bas\u00e9 sur 800 interviews, a \u00e9t\u00e9 pr\u00e9sent\u00e9 \u00e0 Gen\u00e8ve par R\u00e9da","inLanguage":"en-US","isPartOf":{"@id":"https:\/\/cch.um6p.ma\/#website"},"breadcrumb":{"@id":"https:\/\/cch.um6p.ma\/?p=1415#breadcrumblist"},"author":{"@id":"https:\/\/cch.um6p.ma\/?author=1#author"},"creator":{"@id":"https:\/\/cch.um6p.ma\/?author=1#author"},"image":{"@type":"ImageObject","url":"https:\/\/cch.um6p.ma\/wp-content\/uploads\/2023\/09\/800_Saheliens_parlent_du_radicalisme.jpg","@id":"https:\/\/cch.um6p.ma\/?p=1415\/#mainImage","width":216,"height":217},"primaryImageOfPage":{"@id":"https:\/\/cch.um6p.ma\/?p=1415#mainImage"},"datePublished":"2023-09-05T23:59:51+01:00","dateModified":"2026-06-05T15:10:46+01:00"},{"@type":"WebSite","@id":"https:\/\/cch.um6p.ma\/#website","url":"https:\/\/cch.um6p.ma\/","name":"Chair of Complexities \u221e Humanities","inLanguage":"en-US","publisher":{"@id":"https:\/\/cch.um6p.ma\/#organization"}}]},"og:locale":"en_US","og:site_name":"Chair of Complexities \u221e Humanities -","og:type":"article","og:title":"800 Sah\u00e9liens parlent du radicalisme - Chair of Complexities \u221e Humanities","og:description":"Babel, Espace 2, RTS, 18 novembre 2018, 11h03 Que disent les Mauritaniens, Maliens, Bourkinab\u00e9s ou Camerounais de la radicalisation islamiste? Quel r\u00f4le pr\u00eatent-ils aux djihadistes dans la violence et l\u02b9ins\u00e9curit\u00e9 qui r\u00e8gnent au Sahel? Un rapport intitul\u00e9 \u201cRadicalisation, extr\u00e9misme violent et ins\u00e9curit\u00e9 au Sahel\u201d, bas\u00e9 sur 800 interviews, a \u00e9t\u00e9 pr\u00e9sent\u00e9 \u00e0 Gen\u00e8ve par R\u00e9da","og:url":"https:\/\/cch.um6p.ma\/?p=1415","og:image":"https:\/\/cch.um6p.ma\/wp-content\/uploads\/2023\/08\/logo_CCH_icon2.jpg","og:image:secure_url":"https:\/\/cch.um6p.ma\/wp-content\/uploads\/2023\/08\/logo_CCH_icon2.jpg","og:image:width":124,"og:image:height":82,"article:published_time":"2023-09-05T23:59:51+00:00","article:modified_time":"2026-06-05T15:10:46+00:00","twitter:card":"summary_large_image","twitter:title":"800 Sah\u00e9liens parlent du radicalisme - Chair of Complexities \u221e Humanities","twitter:description":"Babel, Espace 2, RTS, 18 novembre 2018, 11h03 Que disent les Mauritaniens, Maliens, Bourkinab\u00e9s ou Camerounais de la radicalisation islamiste? Quel r\u00f4le pr\u00eatent-ils aux djihadistes dans la violence et l\u02b9ins\u00e9curit\u00e9 qui r\u00e8gnent au Sahel? Un rapport intitul\u00e9 \u201cRadicalisation, extr\u00e9misme violent et ins\u00e9curit\u00e9 au Sahel\u201d, bas\u00e9 sur 800 interviews, a \u00e9t\u00e9 pr\u00e9sent\u00e9 \u00e0 Gen\u00e8ve par R\u00e9da","twitter:image":"https:\/\/cch.um6p.ma\/wp-content\/uploads\/2023\/08\/logo_CCH_icon2.jpg"},"aioseo_meta_data":{"post_id":"1415","title":null,"description":null,"keywords":[],"keyphrases":{"focus":{"keyphrase":"","score":0,"analysis":{"keyphraseInTitle":{"score":0,"maxScore":9,"error":1}}},"additional":[]},"primary_term":null,"canonical_url":null,"og_title":null,"og_description":null,"og_object_type":"default","og_image_type":"default","og_image_url":null,"og_image_width":null,"og_image_height":null,"og_image_custom_url":null,"og_image_custom_fields":null,"og_video":"","og_custom_url":null,"og_article_section":null,"og_article_tags":[],"twitter_use_og":false,"twitter_card":"default","twitter_image_type":"default","twitter_image_url":null,"twitter_image_custom_url":null,"twitter_image_custom_fields":null,"twitter_title":null,"twitter_description":null,"schema":{"blockGraphs":[],"customGraphs":[],"default":{"data":{"Article":[],"Course":[],"Dataset":[],"FAQPage":[],"Movie":[],"Person":[],"Product":[],"ProductReview":[],"Car":[],"Recipe":[],"Service":[],"SoftwareApplication":[],"WebPage":[]},"graphName":"WebPage","isEnabled":true},"graphs":[]},"schema_type":"default","schema_type_options":null,"pillar_content":false,"robots_default":true,"robots_noindex":false,"robots_noarchive":false,"robots_nosnippet":false,"robots_nofollow":false,"robots_noimageindex":false,"robots_noodp":false,"robots_notranslate":false,"robots_max_snippet":"-1","robots_max_videopreview":"-1","robots_max_imagepreview":"large","priority":null,"frequency":"default","local_seo":null,"limit_modified_date":false,"created":"2023-09-13 11:35:03","updated":"2026-06-05 15:54:39","ai":null,"breadcrumb_settings":null,"seo_analyzer_scan_date":null},"aioseo_breadcrumb":"<div class=\"aioseo-breadcrumbs\"><span class=\"aioseo-breadcrumb\">\n\t\t\t<a href=\"https:\/\/cch.um6p.ma\" title=\"Home\">Home<\/a>\n\t\t<\/span><span class=\"aioseo-breadcrumb-separator\">&raquo;<\/span><span class=\"aioseo-breadcrumb\">\n\t\t\t<a href=\"https:\/\/cch.um6p.ma\/?cat=1\" title=\"Uncategorized\">Uncategorized<\/a>\n\t\t<\/span><span class=\"aioseo-breadcrumb-separator\">&raquo;<\/span><span class=\"aioseo-breadcrumb\">\n\t\t\t800 Sah\u00e9liens parlent du radicalisme\n\t\t<\/span><\/div>","aioseo_breadcrumb_json":[{"label":"Home","link":"https:\/\/cch.um6p.ma"},{"label":"Uncategorized","link":"https:\/\/cch.um6p.ma\/?cat=1"},{"label":"800 Sah\u00e9liens parlent du radicalisme","link":"https:\/\/cch.um6p.ma\/?p=1415"}],"_links":{"self":[{"href":"https:\/\/cch.um6p.ma\/index.php?rest_route=\/wp\/v2\/posts\/1415","targetHints":{"allow":["GET"]}}],"collection":[{"href":"https:\/\/cch.um6p.ma\/index.php?rest_route=\/wp\/v2\/posts"}],"about":[{"href":"https:\/\/cch.um6p.ma\/index.php?rest_route=\/wp\/v2\/types\/post"}],"author":[{"embeddable":true,"href":"https:\/\/cch.um6p.ma\/index.php?rest_route=\/wp\/v2\/users\/1"}],"replies":[{"embeddable":true,"href":"https:\/\/cch.um6p.ma\/index.php?rest_route=%2Fwp%2Fv2%2Fcomments&post=1415"}],"version-history":[{"count":3,"href":"https:\/\/cch.um6p.ma\/index.php?rest_route=\/wp\/v2\/posts\/1415\/revisions"}],"predecessor-version":[{"id":2635,"href":"https:\/\/cch.um6p.ma\/index.php?rest_route=\/wp\/v2\/posts\/1415\/revisions\/2635"}],"wp:featuredmedia":[{"embeddable":true,"href":"https:\/\/cch.um6p.ma\/index.php?rest_route=\/wp\/v2\/media\/1662"}],"wp:attachment":[{"href":"https:\/\/cch.um6p.ma\/index.php?rest_route=%2Fwp%2Fv2%2Fmedia&parent=1415"}],"wp:term":[{"taxonomy":"category","embeddable":true,"href":"https:\/\/cch.um6p.ma\/index.php?rest_route=%2Fwp%2Fv2%2Fcategories&post=1415"},{"taxonomy":"post_tag","embeddable":true,"href":"https:\/\/cch.um6p.ma\/index.php?rest_route=%2Fwp%2Fv2%2Ftags&post=1415"}],"curies":[{"name":"wp","href":"https:\/\/api.w.org\/{rel}","templated":true}]}}