{"id":1253,"date":"2023-09-04T09:32:13","date_gmt":"2023-09-04T09:32:13","guid":{"rendered":"https:\/\/cch.um6p.ma\/?page_id=1253"},"modified":"2026-06-05T15:10:49","modified_gmt":"2026-06-05T15:10:49","slug":"nous-autres","status":"publish","type":"post","link":"https:\/\/cch.um6p.ma\/?p=1253","title":{"rendered":"Anthropo-logiques I: Nous autres &#038; l&#8217;universalisme fran\u00e7ais"},"content":{"rendered":"<p><span class=\"g\"><span class=\"a\">R\u00e9da Benkirane \u00ab La crise de <\/span><\/span><span class=\"g\"><span class=\"a\">l\u2019universalisme&nbsp;<\/span><\/span><span class=\"a\">fran\u00e7ais \u00bb,&nbsp;<\/span><span class=\"a\"><em>Nous autres<\/em>,&nbsp;<\/span><span class=\"a\">Sous la direction d\u2019Erica Deuber&nbsp;<\/span><span class=\"a\">Ziegler et Genevi\u00e8ve Perret, Gollion: Infolio \u00e9ditions \/ Gen\u00e8ve: Mus\u00e9e d\u2019ethnographie, collection <\/span><span class=\"a\">tabou 1, 2005.<\/span>        <div class=\"embedpress-document-embed ose-document ep-doc-d7fcf3f3b136871a304a78937b86779c\" style=\"width: 800px; height: 900px;; max-width:100%; display: block\">\n                                    <iframe title=\"tabou_crise_universalisme_fr\" allowfullscreen=\"true\" mozallowfullscreen=\"true\" webkitallowfullscreen=\"true\" style=\"width: 800px; height: 900px;; max-width:100%; display: inline-block\" data-emsrc=\"https:\/\/cch.um6p.ma\/wp-content\/uploads\/2023\/09\/tabou_crise_universalismefr.pdf\" data-emid=\"embedpress-pdf-shortcode\" class=\"embedpress-embed-document-pdf embedpress-pdf-shortcode\" src=\"https:\/\/cch.um6p.ma\/wp-admin\/admin-ajax.php?action=get_viewer&#038;file=https%3A%2F%2Fcch.um6p.ma%2Fwp-content%2Fuploads%2F2023%2F09%2Ftabou_crise_universalismefr.pdf#key=dGhlbWVNb2RlPWN1c3RvbSZ0b29sYmFyPXRydWUmbGF6eUxvYWQ9ZmFsc2UmcG9zaXRpb249dG9wJnByZXNlbnRhdGlvbj10cnVlJmRvd25sb2FkPXRydWUmY29weV90ZXh0PXRydWUmYWRkX3RleHQ9dHJ1ZSZkcmF3PXRydWUmZG9jX3JvdGF0aW9uPXRydWUmYWRkX2ltYWdlPXRydWUmZG9jX2RldGFpbHM9dHJ1ZSZzZWxlY3Rpb25fdG9vbD0wJnNjcm9sbGluZz0tMSZzcHJlYWRzPS0xJnpvb21faW49dHJ1ZSZ6b29tX291dD10cnVlJmZpdF92aWV3PXRydWUmYm9va21hcms9dHJ1ZSZzb3VuZD10cnVlJmZsaXBib29rX3Rvb2xiYXJfcG9zaXRpb249Ym90dG9tJmZsaXBib29rX3J0bD1mYWxzZSZmbGlwYm9va19oaWdobGlnaHRfbGlua3M9ZmFsc2UmZmxpcGJvb2tfaGlnaGxpZ2h0X2NvbG9yPSZwYWdlTnVtYmVyPTEmd2F0ZXJtYXJrX3RleHQ9JndhdGVybWFya19mb250X3NpemU9NDgmd2F0ZXJtYXJrX2NvbG9yPSUyMzAwMDAwMCZ3YXRlcm1hcmtfb3BhY2l0eT0xNSZ3YXRlcm1hcmtfc3R5bGU9Y2VudGVyJmN1c3RvbUNvbG9yPSUyMzJhNjU5Mw==\" frameborder=\"0\">\n                        <\/iframe>\n                            <\/div>\n\n<em><br \/>\n<\/em><\/p>\n<hr>\n<p><em><a id=\"nous_autres\"><\/a>Nous autres, <\/em>Sous la direction d&#8217;Erica Deuber Ziegler et Genevi\u00e8ve Perret<br \/>\nGollion: Infolio \u00e9ditions \/ Gen\u00e8ve: Mus\u00e9e d&#8217;ethnographie, collection tabou 1, 2005.<\/p>\n[en libre acc\u00e8s depuis le&nbsp;<a href=\"https:\/\/www.meg.ch\/fr\/boutique\/livre-29\" target=\"_blank\" rel=\"noopener\">site web du MEG<\/a>]\n<p>Si l&#8217;utilit\u00e9 sociale de l&#8217;anthropologie est sans cesse rappel\u00e9e par les \u00e9v\u00e9nements contemporains, les replis identitaires, les barbaries commises au nom d&#8217;une religion ou d&#8217;une culture, la construction sociale de soi, de l&#8217;autre et de leurs relations, la production de barri\u00e8res, de rapports de forces et de hi\u00e9rarchies dans les soci\u00e9t\u00e9s et entre les soci\u00e9t\u00e9s, montrent qu&#8217;il y a un besoin permanent de d\u00e9construire les st\u00e9r\u00e9otypes et les croyances qui justifient et fondent les rapports entre les humains.<\/p>\n        <div class=\"embedpress-document-embed ose-document ep-doc-d7fcf3f3b136871a304a78937b86779c\" style=\"width: 800px; height: 900px;; max-width:100%; display: block\">\n                                    <iframe title=\"Nous_Autres_Tabou_1\" allowfullscreen=\"true\" mozallowfullscreen=\"true\" webkitallowfullscreen=\"true\" style=\"width: 800px; height: 900px;; max-width:100%; display: inline-block\" data-emsrc=\"https:\/\/cch.um6p.ma\/wp-content\/uploads\/2023\/09\/tabou_1.pdf\" data-emid=\"embedpress-pdf-shortcode\" class=\"embedpress-embed-document-pdf embedpress-pdf-shortcode\" src=\"https:\/\/cch.um6p.ma\/wp-admin\/admin-ajax.php?action=get_viewer&#038;file=https%3A%2F%2Fcch.um6p.ma%2Fwp-content%2Fuploads%2F2023%2F09%2Ftabou_1.pdf#key=dGhlbWVNb2RlPWN1c3RvbSZ0b29sYmFyPXRydWUmbGF6eUxvYWQ9ZmFsc2UmcG9zaXRpb249dG9wJnByZXNlbnRhdGlvbj10cnVlJmRvd25sb2FkPXRydWUmY29weV90ZXh0PXRydWUmYWRkX3RleHQ9dHJ1ZSZkcmF3PXRydWUmZG9jX3JvdGF0aW9uPXRydWUmYWRkX2ltYWdlPXRydWUmZG9jX2RldGFpbHM9dHJ1ZSZzZWxlY3Rpb25fdG9vbD0wJnNjcm9sbGluZz0tMSZzcHJlYWRzPS0xJnpvb21faW49dHJ1ZSZ6b29tX291dD10cnVlJmZpdF92aWV3PXRydWUmYm9va21hcms9dHJ1ZSZzb3VuZD10cnVlJmZsaXBib29rX3Rvb2xiYXJfcG9zaXRpb249Ym90dG9tJmZsaXBib29rX3J0bD1mYWxzZSZmbGlwYm9va19oaWdobGlnaHRfbGlua3M9ZmFsc2UmZmxpcGJvb2tfaGlnaGxpZ2h0X2NvbG9yPSZwYWdlTnVtYmVyPTEmd2F0ZXJtYXJrX3RleHQ9JndhdGVybWFya19mb250X3NpemU9NDgmd2F0ZXJtYXJrX2NvbG9yPSUyMzAwMDAwMCZ3YXRlcm1hcmtfb3BhY2l0eT0xNSZ3YXRlcm1hcmtfc3R5bGU9Y2VudGVyJmN1c3RvbUNvbG9yPSUyMzJhNjU5Mw==\" frameborder=\"0\">\n                        <\/iframe>\n                            <\/div>\n\n\n","protected":false},"excerpt":{"rendered":"<p>R\u00e9da Benkirane \u00ab La crise de l\u2019universalisme&nbsp;fran\u00e7ais \u00bb,&nbsp;Nous autres,&nbsp;Sous la direction d\u2019Erica Deuber&nbsp;Ziegler et Genevi\u00e8ve Perret, Gollion: Infolio \u00e9ditions \/ Gen\u00e8ve: Mus\u00e9e d\u2019ethnographie, collection tabou 1, 2005. Nous autres, Sous la direction d&#8217;Erica Deuber Ziegler et Genevi\u00e8ve Perret Gollion: Infolio \u00e9ditions \/ Gen\u00e8ve: Mus\u00e9e d&#8217;ethnographie, collection tabou 1, 2005. [en&#8230; <a class=\"continue-reading-link\" href=\"https:\/\/cch.um6p.ma\/?p=1253\">Continue reading<\/a><\/p>\n","protected":false},"author":1,"featured_media":1325,"comment_status":"closed","ping_status":"closed","sticky":false,"template":"","format":"standard","meta":{"om_disable_all_campaigns":false,"_monsterinsights_skip_tracking":false,"ngg_post_thumbnail":0,"footnotes":""},"categories":[1],"tags":[],"class_list":["post-1253","post","type-post","status-publish","format-standard","has-post-thumbnail","hentry","category-uncategorized"],"aioseo_notices":[],"aioseo_head":"\n\t\t<!-- All in One SEO 4.9.10 - aioseo.com -->\n\t<meta name=\"description\" content=\"R\u00e9da Benkirane \u00ab La crise de l\u2019universalisme fran\u00e7ais \u00bb, Nous autres, Sous la direction d\u2019Erica Deuber Ziegler et Genevi\u00e8ve Perret, Gollion: Infolio \u00e9ditions \/ Gen\u00e8ve: Mus\u00e9e d\u2019ethnographie, collection tabou 1, 2005. Nous autres, Sous la direction d&#039;Erica Deuber Ziegler et Genevi\u00e8ve Perret Gollion: Infolio \u00e9ditions \/ Gen\u00e8ve: Mus\u00e9e d&#039;ethnographie, collection tabou 1, 2005. [en libre acc\u00e8s depuis le site web\" \/>\n\t<meta name=\"robots\" content=\"max-image-preview:large\" \/>\n\t<meta name=\"author\" content=\"cch_admin\"\/>\n\t<link rel=\"canonical\" href=\"https:\/\/cch.um6p.ma\/?p=1253\" \/>\n\t<meta name=\"generator\" content=\"All in One SEO (AIOSEO) 4.9.10\" \/>\n\t\t<meta property=\"og:locale\" content=\"en_US\" \/>\n\t\t<meta property=\"og:site_name\" content=\"Chair of Complexities \u221e Humanities -\" \/>\n\t\t<meta property=\"og:type\" content=\"article\" \/>\n\t\t<meta property=\"og:title\" content=\"Anthropo-logiques I: Nous autres &amp; l\u2019universalisme fran\u00e7ais - Chair of Complexities \u221e Humanities\" \/>\n\t\t<meta property=\"og:description\" content=\"R\u00e9da Benkirane \u00ab La crise de l\u2019universalisme fran\u00e7ais \u00bb, Nous autres, Sous la direction d\u2019Erica Deuber Ziegler et Genevi\u00e8ve Perret, Gollion: Infolio \u00e9ditions \/ Gen\u00e8ve: Mus\u00e9e d\u2019ethnographie, collection tabou 1, 2005. Nous autres, Sous la direction d&#039;Erica Deuber Ziegler et Genevi\u00e8ve Perret Gollion: Infolio \u00e9ditions \/ Gen\u00e8ve: Mus\u00e9e d&#039;ethnographie, collection tabou 1, 2005. [en libre acc\u00e8s depuis le site web\" \/>\n\t\t<meta property=\"og:url\" content=\"https:\/\/cch.um6p.ma\/?p=1253\" \/>\n\t\t<meta property=\"og:image\" content=\"https:\/\/cch.um6p.ma\/wp-content\/uploads\/2023\/08\/logo_CCH_icon2.jpg\" \/>\n\t\t<meta property=\"og:image:secure_url\" content=\"https:\/\/cch.um6p.ma\/wp-content\/uploads\/2023\/08\/logo_CCH_icon2.jpg\" \/>\n\t\t<meta property=\"og:image:width\" content=\"124\" \/>\n\t\t<meta property=\"og:image:height\" content=\"82\" \/>\n\t\t<meta property=\"article:published_time\" content=\"2023-09-04T09:32:13+00:00\" \/>\n\t\t<meta property=\"article:modified_time\" content=\"2026-06-05T15:10:49+00:00\" \/>\n\t\t<meta name=\"twitter:card\" content=\"summary_large_image\" \/>\n\t\t<meta name=\"twitter:title\" content=\"Anthropo-logiques I: Nous autres &amp; l\u2019universalisme fran\u00e7ais - Chair of Complexities \u221e Humanities\" \/>\n\t\t<meta name=\"twitter:description\" content=\"R\u00e9da Benkirane \u00ab La crise de l\u2019universalisme fran\u00e7ais \u00bb, Nous autres, Sous la direction d\u2019Erica Deuber Ziegler et Genevi\u00e8ve Perret, Gollion: Infolio \u00e9ditions \/ Gen\u00e8ve: Mus\u00e9e d\u2019ethnographie, collection tabou 1, 2005. Nous autres, Sous la direction d&#039;Erica Deuber Ziegler et Genevi\u00e8ve Perret Gollion: Infolio \u00e9ditions \/ Gen\u00e8ve: Mus\u00e9e d&#039;ethnographie, collection tabou 1, 2005. [en libre acc\u00e8s depuis le site web\" \/>\n\t\t<meta name=\"twitter:image\" content=\"https:\/\/cch.um6p.ma\/wp-content\/uploads\/2023\/08\/logo_CCH_icon2.jpg\" \/>\n\t\t<script type=\"application\/ld+json\" class=\"aioseo-schema\">\n\t\t\t{\"@context\":\"https:\\\/\\\/schema.org\",\"@graph\":[{\"@type\":\"BlogPosting\",\"@id\":\"https:\\\/\\\/cch.um6p.ma\\\/?p=1253#blogposting\",\"name\":\"Anthropo-logiques I: Nous autres & l\\u2019universalisme fran\\u00e7ais - Chair of Complexities \\u221e Humanities\",\"headline\":\"Anthropo-logiques I: Nous autres &#038; l&#8217;universalisme fran\\u00e7ais\",\"author\":{\"@id\":\"https:\\\/\\\/cch.um6p.ma\\\/?author=1#author\"},\"publisher\":{\"@id\":\"https:\\\/\\\/cch.um6p.ma\\\/#organization\"},\"image\":{\"@type\":\"ImageObject\",\"url\":\"https:\\\/\\\/cch.um6p.ma\\\/wp-content\\\/uploads\\\/2023\\\/09\\\/tabou1.jpg\",\"width\":302,\"height\":480},\"datePublished\":\"2023-09-04T09:32:13+01:00\",\"dateModified\":\"2026-06-05T15:10:49+01:00\",\"inLanguage\":\"en-US\",\"mainEntityOfPage\":{\"@id\":\"https:\\\/\\\/cch.um6p.ma\\\/?p=1253#webpage\"},\"isPartOf\":{\"@id\":\"https:\\\/\\\/cch.um6p.ma\\\/?p=1253#webpage\"},\"articleSection\":\"Uncategorized\"},{\"@type\":\"BreadcrumbList\",\"@id\":\"https:\\\/\\\/cch.um6p.ma\\\/?p=1253#breadcrumblist\",\"itemListElement\":[{\"@type\":\"ListItem\",\"@id\":\"https:\\\/\\\/cch.um6p.ma#listItem\",\"position\":1,\"name\":\"Home\",\"item\":\"https:\\\/\\\/cch.um6p.ma\",\"nextItem\":{\"@type\":\"ListItem\",\"@id\":\"https:\\\/\\\/cch.um6p.ma\\\/?cat=1#listItem\",\"name\":\"Uncategorized\"}},{\"@type\":\"ListItem\",\"@id\":\"https:\\\/\\\/cch.um6p.ma\\\/?cat=1#listItem\",\"position\":2,\"name\":\"Uncategorized\",\"item\":\"https:\\\/\\\/cch.um6p.ma\\\/?cat=1\",\"nextItem\":{\"@type\":\"ListItem\",\"@id\":\"https:\\\/\\\/cch.um6p.ma\\\/?p=1253#listItem\",\"name\":\"Anthropo-logiques I: Nous autres &#038; l&#8217;universalisme fran\\u00e7ais\"},\"previousItem\":{\"@type\":\"ListItem\",\"@id\":\"https:\\\/\\\/cch.um6p.ma#listItem\",\"name\":\"Home\"}},{\"@type\":\"ListItem\",\"@id\":\"https:\\\/\\\/cch.um6p.ma\\\/?p=1253#listItem\",\"position\":3,\"name\":\"Anthropo-logiques I: Nous autres &#038; l&#8217;universalisme fran\\u00e7ais\",\"previousItem\":{\"@type\":\"ListItem\",\"@id\":\"https:\\\/\\\/cch.um6p.ma\\\/?cat=1#listItem\",\"name\":\"Uncategorized\"}}]},{\"@type\":\"Organization\",\"@id\":\"https:\\\/\\\/cch.um6p.ma\\\/#organization\",\"name\":\"Chair of Complexities \\u221e Humanities\",\"url\":\"https:\\\/\\\/cch.um6p.ma\\\/\",\"telephone\":\"+212617412391\",\"logo\":{\"@type\":\"ImageObject\",\"url\":\"https:\\\/\\\/cch.um6p.ma\\\/wp-content\\\/uploads\\\/2023\\\/08\\\/Logo-Chair-of-Complexities-Humanities-2-e1692185437512.png\",\"@id\":\"https:\\\/\\\/cch.um6p.ma\\\/?p=1253\\\/#organizationLogo\",\"width\":100,\"height\":56},\"image\":{\"@id\":\"https:\\\/\\\/cch.um6p.ma\\\/?p=1253\\\/#organizationLogo\"},\"sameAs\":[\"https:\\\/\\\/www.youtube.com\\\/@ChairofComplexitiesHumanities\",\"https:\\\/\\\/www.linkedin.com\\\/company\\\/um6p-cch\"]},{\"@type\":\"Person\",\"@id\":\"https:\\\/\\\/cch.um6p.ma\\\/?author=1#author\",\"url\":\"https:\\\/\\\/cch.um6p.ma\\\/?author=1\",\"name\":\"cch_admin\",\"image\":{\"@type\":\"ImageObject\",\"@id\":\"https:\\\/\\\/cch.um6p.ma\\\/?p=1253#authorImage\",\"url\":\"https:\\\/\\\/secure.gravatar.com\\\/avatar\\\/e49dd2f1daa6cf8819982983f9890c9ddfe0fb0a0f5451fb8ad635404f6dedc4?s=96&d=mm&r=g\",\"width\":96,\"height\":96,\"caption\":\"cch_admin\"}},{\"@type\":\"WebPage\",\"@id\":\"https:\\\/\\\/cch.um6p.ma\\\/?p=1253#webpage\",\"url\":\"https:\\\/\\\/cch.um6p.ma\\\/?p=1253\",\"name\":\"Anthropo-logiques I: Nous autres & l\\u2019universalisme fran\\u00e7ais - Chair of Complexities \\u221e Humanities\",\"description\":\"R\\u00e9da Benkirane \\u00ab La crise de l\\u2019universalisme fran\\u00e7ais \\u00bb, Nous autres, Sous la direction d\\u2019Erica Deuber Ziegler et Genevi\\u00e8ve Perret, Gollion: Infolio \\u00e9ditions \\\/ Gen\\u00e8ve: Mus\\u00e9e d\\u2019ethnographie, collection tabou 1, 2005. Nous autres, Sous la direction d'Erica Deuber Ziegler et Genevi\\u00e8ve Perret Gollion: Infolio \\u00e9ditions \\\/ Gen\\u00e8ve: Mus\\u00e9e d'ethnographie, collection tabou 1, 2005. [en libre acc\\u00e8s depuis le site web\",\"inLanguage\":\"en-US\",\"isPartOf\":{\"@id\":\"https:\\\/\\\/cch.um6p.ma\\\/#website\"},\"breadcrumb\":{\"@id\":\"https:\\\/\\\/cch.um6p.ma\\\/?p=1253#breadcrumblist\"},\"author\":{\"@id\":\"https:\\\/\\\/cch.um6p.ma\\\/?author=1#author\"},\"creator\":{\"@id\":\"https:\\\/\\\/cch.um6p.ma\\\/?author=1#author\"},\"image\":{\"@type\":\"ImageObject\",\"url\":\"https:\\\/\\\/cch.um6p.ma\\\/wp-content\\\/uploads\\\/2023\\\/09\\\/tabou1.jpg\",\"@id\":\"https:\\\/\\\/cch.um6p.ma\\\/?p=1253\\\/#mainImage\",\"width\":302,\"height\":480},\"primaryImageOfPage\":{\"@id\":\"https:\\\/\\\/cch.um6p.ma\\\/?p=1253#mainImage\"},\"datePublished\":\"2023-09-04T09:32:13+01:00\",\"dateModified\":\"2026-06-05T15:10:49+01:00\"},{\"@type\":\"WebSite\",\"@id\":\"https:\\\/\\\/cch.um6p.ma\\\/#website\",\"url\":\"https:\\\/\\\/cch.um6p.ma\\\/\",\"name\":\"Chair of Complexities \\u221e Humanities\",\"inLanguage\":\"en-US\",\"publisher\":{\"@id\":\"https:\\\/\\\/cch.um6p.ma\\\/#organization\"}}]}\n\t\t<\/script>\n\t\t<!-- All in One SEO -->\n\n","aioseo_head_json":{"title":"Anthropo-logiques I: Nous autres & l\u2019universalisme fran\u00e7ais - Chair of Complexities \u221e Humanities","description":"R\u00e9da Benkirane \u00ab La crise de l\u2019universalisme fran\u00e7ais \u00bb, Nous autres, Sous la direction d\u2019Erica Deuber Ziegler et Genevi\u00e8ve Perret, Gollion: Infolio \u00e9ditions \/ Gen\u00e8ve: Mus\u00e9e d\u2019ethnographie, collection tabou 1, 2005. Nous autres, Sous la direction d'Erica Deuber Ziegler et Genevi\u00e8ve Perret Gollion: Infolio \u00e9ditions \/ Gen\u00e8ve: Mus\u00e9e d'ethnographie, collection tabou 1, 2005. [en libre acc\u00e8s depuis le site web","canonical_url":"https:\/\/cch.um6p.ma\/?p=1253","robots":"max-image-preview:large","keywords":"","webmasterTools":{"miscellaneous":""},"schema":{"@context":"https:\/\/schema.org","@graph":[{"@type":"BlogPosting","@id":"https:\/\/cch.um6p.ma\/?p=1253#blogposting","name":"Anthropo-logiques I: Nous autres & l\u2019universalisme fran\u00e7ais - Chair of Complexities \u221e Humanities","headline":"Anthropo-logiques I: Nous autres &#038; l&#8217;universalisme fran\u00e7ais","author":{"@id":"https:\/\/cch.um6p.ma\/?author=1#author"},"publisher":{"@id":"https:\/\/cch.um6p.ma\/#organization"},"image":{"@type":"ImageObject","url":"https:\/\/cch.um6p.ma\/wp-content\/uploads\/2023\/09\/tabou1.jpg","width":302,"height":480},"datePublished":"2023-09-04T09:32:13+01:00","dateModified":"2026-06-05T15:10:49+01:00","inLanguage":"en-US","mainEntityOfPage":{"@id":"https:\/\/cch.um6p.ma\/?p=1253#webpage"},"isPartOf":{"@id":"https:\/\/cch.um6p.ma\/?p=1253#webpage"},"articleSection":"Uncategorized"},{"@type":"BreadcrumbList","@id":"https:\/\/cch.um6p.ma\/?p=1253#breadcrumblist","itemListElement":[{"@type":"ListItem","@id":"https:\/\/cch.um6p.ma#listItem","position":1,"name":"Home","item":"https:\/\/cch.um6p.ma","nextItem":{"@type":"ListItem","@id":"https:\/\/cch.um6p.ma\/?cat=1#listItem","name":"Uncategorized"}},{"@type":"ListItem","@id":"https:\/\/cch.um6p.ma\/?cat=1#listItem","position":2,"name":"Uncategorized","item":"https:\/\/cch.um6p.ma\/?cat=1","nextItem":{"@type":"ListItem","@id":"https:\/\/cch.um6p.ma\/?p=1253#listItem","name":"Anthropo-logiques I: Nous autres &#038; l&#8217;universalisme fran\u00e7ais"},"previousItem":{"@type":"ListItem","@id":"https:\/\/cch.um6p.ma#listItem","name":"Home"}},{"@type":"ListItem","@id":"https:\/\/cch.um6p.ma\/?p=1253#listItem","position":3,"name":"Anthropo-logiques I: Nous autres &#038; l&#8217;universalisme fran\u00e7ais","previousItem":{"@type":"ListItem","@id":"https:\/\/cch.um6p.ma\/?cat=1#listItem","name":"Uncategorized"}}]},{"@type":"Organization","@id":"https:\/\/cch.um6p.ma\/#organization","name":"Chair of Complexities \u221e Humanities","url":"https:\/\/cch.um6p.ma\/","telephone":"+212617412391","logo":{"@type":"ImageObject","url":"https:\/\/cch.um6p.ma\/wp-content\/uploads\/2023\/08\/Logo-Chair-of-Complexities-Humanities-2-e1692185437512.png","@id":"https:\/\/cch.um6p.ma\/?p=1253\/#organizationLogo","width":100,"height":56},"image":{"@id":"https:\/\/cch.um6p.ma\/?p=1253\/#organizationLogo"},"sameAs":["https:\/\/www.youtube.com\/@ChairofComplexitiesHumanities","https:\/\/www.linkedin.com\/company\/um6p-cch"]},{"@type":"Person","@id":"https:\/\/cch.um6p.ma\/?author=1#author","url":"https:\/\/cch.um6p.ma\/?author=1","name":"cch_admin","image":{"@type":"ImageObject","@id":"https:\/\/cch.um6p.ma\/?p=1253#authorImage","url":"https:\/\/secure.gravatar.com\/avatar\/e49dd2f1daa6cf8819982983f9890c9ddfe0fb0a0f5451fb8ad635404f6dedc4?s=96&d=mm&r=g","width":96,"height":96,"caption":"cch_admin"}},{"@type":"WebPage","@id":"https:\/\/cch.um6p.ma\/?p=1253#webpage","url":"https:\/\/cch.um6p.ma\/?p=1253","name":"Anthropo-logiques I: Nous autres & l\u2019universalisme fran\u00e7ais - Chair of Complexities \u221e Humanities","description":"R\u00e9da Benkirane \u00ab La crise de l\u2019universalisme fran\u00e7ais \u00bb, Nous autres, Sous la direction d\u2019Erica Deuber Ziegler et Genevi\u00e8ve Perret, Gollion: Infolio \u00e9ditions \/ Gen\u00e8ve: Mus\u00e9e d\u2019ethnographie, collection tabou 1, 2005. Nous autres, Sous la direction d'Erica Deuber Ziegler et Genevi\u00e8ve Perret Gollion: Infolio \u00e9ditions \/ Gen\u00e8ve: Mus\u00e9e d'ethnographie, collection tabou 1, 2005. [en libre acc\u00e8s depuis le site web","inLanguage":"en-US","isPartOf":{"@id":"https:\/\/cch.um6p.ma\/#website"},"breadcrumb":{"@id":"https:\/\/cch.um6p.ma\/?p=1253#breadcrumblist"},"author":{"@id":"https:\/\/cch.um6p.ma\/?author=1#author"},"creator":{"@id":"https:\/\/cch.um6p.ma\/?author=1#author"},"image":{"@type":"ImageObject","url":"https:\/\/cch.um6p.ma\/wp-content\/uploads\/2023\/09\/tabou1.jpg","@id":"https:\/\/cch.um6p.ma\/?p=1253\/#mainImage","width":302,"height":480},"primaryImageOfPage":{"@id":"https:\/\/cch.um6p.ma\/?p=1253#mainImage"},"datePublished":"2023-09-04T09:32:13+01:00","dateModified":"2026-06-05T15:10:49+01:00"},{"@type":"WebSite","@id":"https:\/\/cch.um6p.ma\/#website","url":"https:\/\/cch.um6p.ma\/","name":"Chair of Complexities \u221e Humanities","inLanguage":"en-US","publisher":{"@id":"https:\/\/cch.um6p.ma\/#organization"}}]},"og:locale":"en_US","og:site_name":"Chair of Complexities \u221e Humanities -","og:type":"article","og:title":"Anthropo-logiques I: Nous autres &amp; l\u2019universalisme fran\u00e7ais - Chair of Complexities \u221e Humanities","og:description":"R\u00e9da Benkirane \u00ab La crise de l\u2019universalisme fran\u00e7ais \u00bb, Nous autres, Sous la direction d\u2019Erica Deuber Ziegler et Genevi\u00e8ve Perret, Gollion: Infolio \u00e9ditions \/ Gen\u00e8ve: Mus\u00e9e d\u2019ethnographie, collection tabou 1, 2005. Nous autres, Sous la direction d'Erica Deuber Ziegler et Genevi\u00e8ve Perret Gollion: Infolio \u00e9ditions \/ Gen\u00e8ve: Mus\u00e9e d'ethnographie, collection tabou 1, 2005. [en libre acc\u00e8s depuis le site web","og:url":"https:\/\/cch.um6p.ma\/?p=1253","og:image":"https:\/\/cch.um6p.ma\/wp-content\/uploads\/2023\/08\/logo_CCH_icon2.jpg","og:image:secure_url":"https:\/\/cch.um6p.ma\/wp-content\/uploads\/2023\/08\/logo_CCH_icon2.jpg","og:image:width":124,"og:image:height":82,"article:published_time":"2023-09-04T09:32:13+00:00","article:modified_time":"2026-06-05T15:10:49+00:00","twitter:card":"summary_large_image","twitter:title":"Anthropo-logiques I: Nous autres &amp; l\u2019universalisme fran\u00e7ais - Chair of Complexities \u221e Humanities","twitter:description":"R\u00e9da Benkirane \u00ab La crise de l\u2019universalisme fran\u00e7ais \u00bb, Nous autres, Sous la direction d\u2019Erica Deuber Ziegler et Genevi\u00e8ve Perret, Gollion: Infolio \u00e9ditions \/ Gen\u00e8ve: Mus\u00e9e d\u2019ethnographie, collection tabou 1, 2005. Nous autres, Sous la direction d'Erica Deuber Ziegler et Genevi\u00e8ve Perret Gollion: Infolio \u00e9ditions \/ Gen\u00e8ve: Mus\u00e9e d'ethnographie, collection tabou 1, 2005. [en libre acc\u00e8s depuis le site web","twitter:image":"https:\/\/cch.um6p.ma\/wp-content\/uploads\/2023\/08\/logo_CCH_icon2.jpg"},"aioseo_meta_data":{"post_id":"1253","title":null,"description":null,"keywords":[],"keyphrases":{"focus":{"keyphrase":"","score":0,"analysis":{"keyphraseInTitle":{"score":0,"maxScore":9,"error":1}}},"additional":[]},"primary_term":null,"canonical_url":null,"og_title":null,"og_description":null,"og_object_type":"default","og_image_type":"default","og_image_url":null,"og_image_width":null,"og_image_height":null,"og_image_custom_url":null,"og_image_custom_fields":null,"og_video":"","og_custom_url":null,"og_article_section":null,"og_article_tags":[],"twitter_use_og":false,"twitter_card":"default","twitter_image_type":"default","twitter_image_url":null,"twitter_image_custom_url":null,"twitter_image_custom_fields":null,"twitter_title":null,"twitter_description":null,"schema":{"blockGraphs":[],"customGraphs":[],"default":{"data":{"Article":[],"Course":[],"Dataset":[],"FAQPage":[],"Movie":[],"Person":[],"Product":[],"ProductReview":[],"Car":[],"Recipe":[],"Service":[],"SoftwareApplication":[],"WebPage":[]},"graphName":"WebPage","isEnabled":true},"graphs":[]},"schema_type":"default","schema_type_options":null,"pillar_content":false,"robots_default":true,"robots_noindex":false,"robots_noarchive":false,"robots_nosnippet":false,"robots_nofollow":false,"robots_noimageindex":false,"robots_noodp":false,"robots_notranslate":false,"robots_max_snippet":"-1","robots_max_videopreview":"-1","robots_max_imagepreview":"large","priority":null,"frequency":"default","local_seo":null,"limit_modified_date":false,"created":"2023-09-13 11:34:14","updated":"2026-06-05 15:53:38","ai":null,"breadcrumb_settings":null,"seo_analyzer_scan_date":null},"aioseo_breadcrumb":"<div class=\"aioseo-breadcrumbs\"><span class=\"aioseo-breadcrumb\">\n\t\t\t<a href=\"https:\/\/cch.um6p.ma\" title=\"Home\">Home<\/a>\n\t\t<\/span><span class=\"aioseo-breadcrumb-separator\">&raquo;<\/span><span class=\"aioseo-breadcrumb\">\n\t\t\t<a href=\"https:\/\/cch.um6p.ma\/?cat=1\" title=\"Uncategorized\">Uncategorized<\/a>\n\t\t<\/span><span class=\"aioseo-breadcrumb-separator\">&raquo;<\/span><span class=\"aioseo-breadcrumb\">\n\t\t\tAnthropo-logiques I: Nous autres &amp; l\u2019universalisme fran\u00e7ais\n\t\t<\/span><\/div>","aioseo_breadcrumb_json":[{"label":"Home","link":"https:\/\/cch.um6p.ma"},{"label":"Uncategorized","link":"https:\/\/cch.um6p.ma\/?cat=1"},{"label":"Anthropo-logiques I: Nous autres &#038; l&#8217;universalisme fran\u00e7ais","link":"https:\/\/cch.um6p.ma\/?p=1253"}],"_links":{"self":[{"href":"https:\/\/cch.um6p.ma\/index.php?rest_route=\/wp\/v2\/posts\/1253","targetHints":{"allow":["GET"]}}],"collection":[{"href":"https:\/\/cch.um6p.ma\/index.php?rest_route=\/wp\/v2\/posts"}],"about":[{"href":"https:\/\/cch.um6p.ma\/index.php?rest_route=\/wp\/v2\/types\/post"}],"author":[{"embeddable":true,"href":"https:\/\/cch.um6p.ma\/index.php?rest_route=\/wp\/v2\/users\/1"}],"replies":[{"embeddable":true,"href":"https:\/\/cch.um6p.ma\/index.php?rest_route=%2Fwp%2Fv2%2Fcomments&post=1253"}],"version-history":[{"count":20,"href":"https:\/\/cch.um6p.ma\/index.php?rest_route=\/wp\/v2\/posts\/1253\/revisions"}],"predecessor-version":[{"id":2477,"href":"https:\/\/cch.um6p.ma\/index.php?rest_route=\/wp\/v2\/posts\/1253\/revisions\/2477"}],"wp:featuredmedia":[{"embeddable":true,"href":"https:\/\/cch.um6p.ma\/index.php?rest_route=\/wp\/v2\/media\/1325"}],"wp:attachment":[{"href":"https:\/\/cch.um6p.ma\/index.php?rest_route=%2Fwp%2Fv2%2Fmedia&parent=1253"}],"wp:term":[{"taxonomy":"category","embeddable":true,"href":"https:\/\/cch.um6p.ma\/index.php?rest_route=%2Fwp%2Fv2%2Fcategories&post=1253"},{"taxonomy":"post_tag","embeddable":true,"href":"https:\/\/cch.um6p.ma\/index.php?rest_route=%2Fwp%2Fv2%2Ftags&post=1253"}],"curies":[{"name":"wp","href":"https:\/\/api.w.org\/{rel}","templated":true}]}}